{"id":97,"date":"2024-02-24T21:05:50","date_gmt":"2024-02-24T21:05:50","guid":{"rendered":"https:\/\/aielcef.ca\/?p=97"},"modified":"2024-02-24T21:07:18","modified_gmt":"2024-02-24T21:07:18","slug":"colloque-international-et-interdisciplinaire-21-22-novembre-2024-uqam","status":"publish","type":"post","link":"https:\/\/aielcef.ca\/index.php\/2024\/02\/24\/colloque-international-et-interdisciplinaire-21-22-novembre-2024-uqam\/","title":{"rendered":"Colloque international et interdisciplinaire &#8211; 21-22 Novembre 2024, UQAM"},"content":{"rendered":"\n<p>REGARDS COMPARATISTES SUR LES IMAGINAIRES NON -DOMINANTS EN AFRIQUE ET DANS LES AM\u00c9RIQUES<\/p>\n\n\n\n<p>Appel \u00e0 candidatures ci-apr\u00e8s : <\/p>\n\n\n\n<div data-wp-interactive=\"core\/file\" class=\"wp-block-file\"><object data-wp-bind--hidden=\"!state.hasPdfPreview\" hidden class=\"wp-block-file__embed\" data=\"https:\/\/aielcef.ca\/wp-content\/uploads\/2024\/02\/CFP_Imaginaires-autochtones_eng-fr16.01.2024_version_finale.pdf\" type=\"application\/pdf\" style=\"width:100%;height:600px\" aria-label=\"Embed of &lt;br&gt;&lt;strong&gt;Colloque international et interdisciplinaire UQAM&lt;\/strong&gt;.\"><\/object><a id=\"wp-block-file--media-0b4a2d52-bcdc-40f3-b26c-bd9a6da40ddf\" href=\"https:\/\/aielcef.ca\/wp-content\/uploads\/2024\/02\/CFP_Imaginaires-autochtones_eng-fr16.01.2024_version_finale.pdf\"><br><strong>Colloque international et interdisciplinaire UQAM<\/strong><\/a><a href=\"https:\/\/aielcef.ca\/wp-content\/uploads\/2024\/02\/CFP_Imaginaires-autochtones_eng-fr16.01.2024_version_finale.pdf\" class=\"wp-block-file__button wp-element-button\" download aria-describedby=\"wp-block-file--media-0b4a2d52-bcdc-40f3-b26c-bd9a6da40ddf\">Download<\/a><\/div>\n\n\n\n<p><\/p>\n\n\n\n<p><\/p>\n\n\n\n<p><\/p>\n\n\n\n<p><\/p>\n\n\n\n<p><\/p>\n","protected":false},"excerpt":{"rendered":"<p>REGARDS COMPARATISTES SUR LES IMAGINAIRES NON -DOMINANTS EN AFRIQUE ET DANS LES AM\u00c9RIQUES Appel \u00e0 candidatures ci-apr\u00e8s :<\/p>\n","protected":false},"author":1,"featured_media":0,"comment_status":"open","ping_status":"open","sticky":false,"template":"","format":"standard","meta":{"footnotes":""},"categories":[1],"tags":[],"class_list":["post-97","post","type-post","status-publish","format-standard","hentry","category-uncategorized"],"_links":{"self":[{"href":"https:\/\/aielcef.ca\/index.php\/wp-json\/wp\/v2\/posts\/97","targetHints":{"allow":["GET"]}}],"collection":[{"href":"https:\/\/aielcef.ca\/index.php\/wp-json\/wp\/v2\/posts"}],"about":[{"href":"https:\/\/aielcef.ca\/index.php\/wp-json\/wp\/v2\/types\/post"}],"author":[{"embeddable":true,"href":"https:\/\/aielcef.ca\/index.php\/wp-json\/wp\/v2\/users\/1"}],"replies":[{"embeddable":true,"href":"https:\/\/aielcef.ca\/index.php\/wp-json\/wp\/v2\/comments?post=97"}],"version-history":[{"count":1,"href":"https:\/\/aielcef.ca\/index.php\/wp-json\/wp\/v2\/posts\/97\/revisions"}],"predecessor-version":[{"id":99,"href":"https:\/\/aielcef.ca\/index.php\/wp-json\/wp\/v2\/posts\/97\/revisions\/99"}],"wp:attachment":[{"href":"https:\/\/aielcef.ca\/index.php\/wp-json\/wp\/v2\/media?parent=97"}],"wp:term":[{"taxonomy":"category","embeddable":true,"href":"https:\/\/aielcef.ca\/index.php\/wp-json\/wp\/v2\/categories?post=97"},{"taxonomy":"post_tag","embeddable":true,"href":"https:\/\/aielcef.ca\/index.php\/wp-json\/wp\/v2\/tags?post=97"}],"curies":[{"name":"wp","href":"https:\/\/api.w.org\/{rel}","templated":true}]}}